{"id":23704,"date":"2018-03-29T07:30:14","date_gmt":"2018-03-29T07:30:14","guid":{"rendered":"https:\/\/www.pefa.com\/?p=23704"},"modified":"2018-03-29T07:30:14","modified_gmt":"2018-03-29T07:30:14","slug":"heures-douverture-ajustees","status":"publish","type":"post","link":"https:\/\/www.pefa.com\/fr\/heures-douverture-ajustees\/","title":{"rendered":"Heures d&rsquo;ouverture ajust\u00e9es"},"content":{"rendered":"<p><a href=\"https:\/\/www.pefa.com\/wp-content\/uploads\/2018\/03\/thema-cute-kuikentjes-en-konijntje1484440453-1170x420.jpg\"><img loading=\"lazy\" decoding=\"async\" class=\"alignnone size-span12 wp-image-13866\" src=\"https:\/\/www.pefa.com\/wp-content\/uploads\/2018\/03\/thema-cute-kuikentjes-en-konijntje1484440453-1170x420.jpg\" alt=\"\" width=\"1170\" height=\"420\" \/><\/a><\/p>\n<p><strong>Les heures d&rsquo;ouverture sont quelque peu diff\u00e9rentes ces jours-ci. Il n&rsquo;y a pas de vente aux ench\u00e8res le jeudi saint et le vendredi saint au Danemark. La Su\u00e8de est ferm\u00e9e le vendredi saint. Et toutes les cri\u00e9es sont ferm\u00e9es le lundi de P\u00e2ques. <\/strong><\/p>\n<p>A partir de mardi, il y aura beaucoup de poissons \u00e0 acheter sur <a href=\"https:\/\/www.pefa.com\/fr\/auctions\/\">Pefa Auctions<\/a>.<\/p>\n<p>Pour l&rsquo;instant, Pefa souhaite \u00e0 tous de joyeuses P\u00e2ques ! \ud83d\ude42<\/p>\n","protected":false},"excerpt":{"rendered":"<p>Les heures d&rsquo;ouverture sont quelque peu diff\u00e9rentes ces jours-ci. Il n&rsquo;y a pas de vente aux ench\u00e8res le jeudi saint et le vendredi saint au Danemark. La Su\u00e8de est ferm\u00e9e le vendredi saint. Et toutes les cri\u00e9es sont ferm\u00e9es le lundi de P\u00e2ques. A partir de mardi, il y aura&#8230;<\/p>\n","protected":false},"author":1,"featured_media":23025,"comment_status":"open","ping_status":"open","sticky":false,"template":"","format":"standard","meta":{"_acf_changed":false,"footnotes":""},"categories":[9],"tags":[],"class_list":["post-23704","post","type-post","status-publish","format-standard","has-post-thumbnail","hentry","category-non-classifiee"],"acf":[],"yoast_head":"<!-- This site is optimized with the Yoast SEO plugin v26.6 - https:\/\/yoast.com\/wordpress\/plugins\/seo\/ -->\n<title>Heures d&#039;ouverture ajust\u00e9es - pefa<\/title>\n<meta name=\"robots\" content=\"index, follow, max-snippet:-1, max-image-preview:large, max-video-preview:-1\" \/>\n<link rel=\"canonical\" href=\"https:\/\/www.pefa.com\/fr\/heures-douverture-ajustees\/\" \/>\n<meta property=\"og:locale\" content=\"fr_FR\" \/>\n<meta property=\"og:type\" content=\"article\" \/>\n<meta property=\"og:title\" content=\"Heures d&#039;ouverture ajust\u00e9es - pefa\" \/>\n<meta property=\"og:description\" content=\"Les heures d&rsquo;ouverture sont quelque peu diff\u00e9rentes ces jours-ci. Il n&rsquo;y a pas de vente aux ench\u00e8res le jeudi saint et le vendredi saint au Danemark. La Su\u00e8de est ferm\u00e9e le vendredi saint. Et toutes les cri\u00e9es sont ferm\u00e9es le lundi de P\u00e2ques. A partir de mardi, il y aura...\" \/>\n<meta property=\"og:url\" content=\"https:\/\/www.pefa.com\/fr\/heures-douverture-ajustees\/\" \/>\n<meta property=\"og:site_name\" content=\"pefa\" \/>\n<meta property=\"article:publisher\" content=\"https:\/\/www.facebook.com\/pefacom\/\" \/>\n<meta property=\"article:published_time\" content=\"2018-03-29T07:30:14+00:00\" \/>\n<meta property=\"og:image\" content=\"https:\/\/www.pefa.com\/wp-content\/uploads\/2022\/08\/thema-cute-kuikentjes-en-konijntje1484440453.jpg\" \/>\n\t<meta property=\"og:image:width\" content=\"1280\" \/>\n\t<meta property=\"og:image:height\" content=\"800\" \/>\n\t<meta property=\"og:image:type\" content=\"image\/jpeg\" \/>\n<meta name=\"author\" content=\"redfactory\" \/>\n<meta name=\"twitter:card\" content=\"summary_large_image\" \/>\n<meta name=\"twitter:creator\" content=\"@pefa_com\" \/>\n<meta name=\"twitter:site\" content=\"@pefa_com\" \/>\n<meta name=\"twitter:label1\" content=\"\u00c9crit par\" \/>\n\t<meta name=\"twitter:data1\" content=\"redfactory\" \/>\n<script type=\"application\/ld+json\" class=\"yoast-schema-graph\">{\"@context\":\"https:\/\/schema.org\",\"@graph\":[{\"@type\":\"Article\",\"@id\":\"https:\/\/www.pefa.com\/fr\/heures-douverture-ajustees\/#article\",\"isPartOf\":{\"@id\":\"https:\/\/www.pefa.com\/fr\/heures-douverture-ajustees\/\"},\"author\":{\"name\":\"redfactory\",\"@id\":\"https:\/\/www.pefa.com\/#\/schema\/person\/bf2ac7a0ebf1266c05c36df194f3c70d\"},\"headline\":\"Heures d&rsquo;ouverture ajust\u00e9es\",\"datePublished\":\"2018-03-29T07:30:14+00:00\",\"mainEntityOfPage\":{\"@id\":\"https:\/\/www.pefa.com\/fr\/heures-douverture-ajustees\/\"},\"wordCount\":81,\"commentCount\":0,\"publisher\":{\"@id\":\"https:\/\/www.pefa.com\/#organization\"},\"image\":{\"@id\":\"https:\/\/www.pefa.com\/fr\/heures-douverture-ajustees\/#primaryimage\"},\"thumbnailUrl\":\"https:\/\/www.pefa.com\/wp-content\/uploads\/2022\/08\/thema-cute-kuikentjes-en-konijntje1484440453.jpg\",\"articleSection\":[\"Non classifi\u00e9(e)\"],\"inLanguage\":\"fr-FR\",\"potentialAction\":[{\"@type\":\"CommentAction\",\"name\":\"Comment\",\"target\":[\"https:\/\/www.pefa.com\/fr\/heures-douverture-ajustees\/#respond\"]}]},{\"@type\":\"WebPage\",\"@id\":\"https:\/\/www.pefa.com\/fr\/heures-douverture-ajustees\/\",\"url\":\"https:\/\/www.pefa.com\/fr\/heures-douverture-ajustees\/\",\"name\":\"Heures d'ouverture ajust\u00e9es - pefa\",\"isPartOf\":{\"@id\":\"https:\/\/www.pefa.com\/#website\"},\"primaryImageOfPage\":{\"@id\":\"https:\/\/www.pefa.com\/fr\/heures-douverture-ajustees\/#primaryimage\"},\"image\":{\"@id\":\"https:\/\/www.pefa.com\/fr\/heures-douverture-ajustees\/#primaryimage\"},\"thumbnailUrl\":\"https:\/\/www.pefa.com\/wp-content\/uploads\/2022\/08\/thema-cute-kuikentjes-en-konijntje1484440453.jpg\",\"datePublished\":\"2018-03-29T07:30:14+00:00\",\"breadcrumb\":{\"@id\":\"https:\/\/www.pefa.com\/fr\/heures-douverture-ajustees\/#breadcrumb\"},\"inLanguage\":\"fr-FR\",\"potentialAction\":[{\"@type\":\"ReadAction\",\"target\":[\"https:\/\/www.pefa.com\/fr\/heures-douverture-ajustees\/\"]}]},{\"@type\":\"ImageObject\",\"inLanguage\":\"fr-FR\",\"@id\":\"https:\/\/www.pefa.com\/fr\/heures-douverture-ajustees\/#primaryimage\",\"url\":\"https:\/\/www.pefa.com\/wp-content\/uploads\/2022\/08\/thema-cute-kuikentjes-en-konijntje1484440453.jpg\",\"contentUrl\":\"https:\/\/www.pefa.com\/wp-content\/uploads\/2022\/08\/thema-cute-kuikentjes-en-konijntje1484440453.jpg\",\"width\":1280,\"height\":800},{\"@type\":\"BreadcrumbList\",\"@id\":\"https:\/\/www.pefa.com\/fr\/heures-douverture-ajustees\/#breadcrumb\",\"itemListElement\":[{\"@type\":\"ListItem\",\"position\":1,\"name\":\"Home\",\"item\":\"https:\/\/www.pefa.com\/fr\/\"},{\"@type\":\"ListItem\",\"position\":2,\"name\":\"Heures d&rsquo;ouverture ajust\u00e9es\"}]},{\"@type\":\"WebSite\",\"@id\":\"https:\/\/www.pefa.com\/#website\",\"url\":\"https:\/\/www.pefa.com\/\",\"name\":\"pefa\",\"description\":\"Online trading tools for fishermen, fish auctions and buyers\",\"publisher\":{\"@id\":\"https:\/\/www.pefa.com\/#organization\"},\"potentialAction\":[{\"@type\":\"SearchAction\",\"target\":{\"@type\":\"EntryPoint\",\"urlTemplate\":\"https:\/\/www.pefa.com\/?s={search_term_string}\"},\"query-input\":{\"@type\":\"PropertyValueSpecification\",\"valueRequired\":true,\"valueName\":\"search_term_string\"}}],\"inLanguage\":\"fr-FR\"},{\"@type\":\"Organization\",\"@id\":\"https:\/\/www.pefa.com\/#organization\",\"name\":\"Pefa\",\"url\":\"https:\/\/www.pefa.com\/\",\"logo\":{\"@type\":\"ImageObject\",\"inLanguage\":\"fr-FR\",\"@id\":\"https:\/\/www.pefa.com\/#\/schema\/logo\/image\/\",\"url\":\"https:\/\/www.pefa.com\/wp-content\/uploads\/2022\/09\/CMYK_PEFA_LIGGEND.png\",\"contentUrl\":\"https:\/\/www.pefa.com\/wp-content\/uploads\/2022\/09\/CMYK_PEFA_LIGGEND.png\",\"width\":1772,\"height\":443,\"caption\":\"Pefa\"},\"image\":{\"@id\":\"https:\/\/www.pefa.com\/#\/schema\/logo\/image\/\"},\"sameAs\":[\"https:\/\/www.facebook.com\/pefacom\/\",\"https:\/\/x.com\/pefa_com\"]},{\"@type\":\"Person\",\"@id\":\"https:\/\/www.pefa.com\/#\/schema\/person\/bf2ac7a0ebf1266c05c36df194f3c70d\",\"name\":\"redfactory\",\"image\":{\"@type\":\"ImageObject\",\"inLanguage\":\"fr-FR\",\"@id\":\"https:\/\/www.pefa.com\/#\/schema\/person\/image\/\",\"url\":\"https:\/\/secure.gravatar.com\/avatar\/c921f09703351202e5b8beaaa275a9ca8b8e2bac05862f3e332b6524e1d677d1?s=96&d=mm&r=g\",\"contentUrl\":\"https:\/\/secure.gravatar.com\/avatar\/c921f09703351202e5b8beaaa275a9ca8b8e2bac05862f3e332b6524e1d677d1?s=96&d=mm&r=g\",\"caption\":\"redfactory\"},\"sameAs\":[\"https:\/\/www.pefa.com\"]}]}<\/script>\n<!-- \/ Yoast SEO plugin. -->","yoast_head_json":{"title":"Heures d'ouverture ajust\u00e9es - pefa","robots":{"index":"index","follow":"follow","max-snippet":"max-snippet:-1","max-image-preview":"max-image-preview:large","max-video-preview":"max-video-preview:-1"},"canonical":"https:\/\/www.pefa.com\/fr\/heures-douverture-ajustees\/","og_locale":"fr_FR","og_type":"article","og_title":"Heures d'ouverture ajust\u00e9es - pefa","og_description":"Les heures d&rsquo;ouverture sont quelque peu diff\u00e9rentes ces jours-ci. Il n&rsquo;y a pas de vente aux ench\u00e8res le jeudi saint et le vendredi saint au Danemark. La Su\u00e8de est ferm\u00e9e le vendredi saint. Et toutes les cri\u00e9es sont ferm\u00e9es le lundi de P\u00e2ques. A partir de mardi, il y aura...","og_url":"https:\/\/www.pefa.com\/fr\/heures-douverture-ajustees\/","og_site_name":"pefa","article_publisher":"https:\/\/www.facebook.com\/pefacom\/","article_published_time":"2018-03-29T07:30:14+00:00","og_image":[{"width":1280,"height":800,"url":"https:\/\/www.pefa.com\/wp-content\/uploads\/2022\/08\/thema-cute-kuikentjes-en-konijntje1484440453.jpg","type":"image\/jpeg"}],"author":"redfactory","twitter_card":"summary_large_image","twitter_creator":"@pefa_com","twitter_site":"@pefa_com","twitter_misc":{"\u00c9crit par":"redfactory"},"schema":{"@context":"https:\/\/schema.org","@graph":[{"@type":"Article","@id":"https:\/\/www.pefa.com\/fr\/heures-douverture-ajustees\/#article","isPartOf":{"@id":"https:\/\/www.pefa.com\/fr\/heures-douverture-ajustees\/"},"author":{"name":"redfactory","@id":"https:\/\/www.pefa.com\/#\/schema\/person\/bf2ac7a0ebf1266c05c36df194f3c70d"},"headline":"Heures d&rsquo;ouverture ajust\u00e9es","datePublished":"2018-03-29T07:30:14+00:00","mainEntityOfPage":{"@id":"https:\/\/www.pefa.com\/fr\/heures-douverture-ajustees\/"},"wordCount":81,"commentCount":0,"publisher":{"@id":"https:\/\/www.pefa.com\/#organization"},"image":{"@id":"https:\/\/www.pefa.com\/fr\/heures-douverture-ajustees\/#primaryimage"},"thumbnailUrl":"https:\/\/www.pefa.com\/wp-content\/uploads\/2022\/08\/thema-cute-kuikentjes-en-konijntje1484440453.jpg","articleSection":["Non classifi\u00e9(e)"],"inLanguage":"fr-FR","potentialAction":[{"@type":"CommentAction","name":"Comment","target":["https:\/\/www.pefa.com\/fr\/heures-douverture-ajustees\/#respond"]}]},{"@type":"WebPage","@id":"https:\/\/www.pefa.com\/fr\/heures-douverture-ajustees\/","url":"https:\/\/www.pefa.com\/fr\/heures-douverture-ajustees\/","name":"Heures d'ouverture ajust\u00e9es - pefa","isPartOf":{"@id":"https:\/\/www.pefa.com\/#website"},"primaryImageOfPage":{"@id":"https:\/\/www.pefa.com\/fr\/heures-douverture-ajustees\/#primaryimage"},"image":{"@id":"https:\/\/www.pefa.com\/fr\/heures-douverture-ajustees\/#primaryimage"},"thumbnailUrl":"https:\/\/www.pefa.com\/wp-content\/uploads\/2022\/08\/thema-cute-kuikentjes-en-konijntje1484440453.jpg","datePublished":"2018-03-29T07:30:14+00:00","breadcrumb":{"@id":"https:\/\/www.pefa.com\/fr\/heures-douverture-ajustees\/#breadcrumb"},"inLanguage":"fr-FR","potentialAction":[{"@type":"ReadAction","target":["https:\/\/www.pefa.com\/fr\/heures-douverture-ajustees\/"]}]},{"@type":"ImageObject","inLanguage":"fr-FR","@id":"https:\/\/www.pefa.com\/fr\/heures-douverture-ajustees\/#primaryimage","url":"https:\/\/www.pefa.com\/wp-content\/uploads\/2022\/08\/thema-cute-kuikentjes-en-konijntje1484440453.jpg","contentUrl":"https:\/\/www.pefa.com\/wp-content\/uploads\/2022\/08\/thema-cute-kuikentjes-en-konijntje1484440453.jpg","width":1280,"height":800},{"@type":"BreadcrumbList","@id":"https:\/\/www.pefa.com\/fr\/heures-douverture-ajustees\/#breadcrumb","itemListElement":[{"@type":"ListItem","position":1,"name":"Home","item":"https:\/\/www.pefa.com\/fr\/"},{"@type":"ListItem","position":2,"name":"Heures d&rsquo;ouverture ajust\u00e9es"}]},{"@type":"WebSite","@id":"https:\/\/www.pefa.com\/#website","url":"https:\/\/www.pefa.com\/","name":"pefa","description":"Online trading tools for fishermen, fish auctions and buyers","publisher":{"@id":"https:\/\/www.pefa.com\/#organization"},"potentialAction":[{"@type":"SearchAction","target":{"@type":"EntryPoint","urlTemplate":"https:\/\/www.pefa.com\/?s={search_term_string}"},"query-input":{"@type":"PropertyValueSpecification","valueRequired":true,"valueName":"search_term_string"}}],"inLanguage":"fr-FR"},{"@type":"Organization","@id":"https:\/\/www.pefa.com\/#organization","name":"Pefa","url":"https:\/\/www.pefa.com\/","logo":{"@type":"ImageObject","inLanguage":"fr-FR","@id":"https:\/\/www.pefa.com\/#\/schema\/logo\/image\/","url":"https:\/\/www.pefa.com\/wp-content\/uploads\/2022\/09\/CMYK_PEFA_LIGGEND.png","contentUrl":"https:\/\/www.pefa.com\/wp-content\/uploads\/2022\/09\/CMYK_PEFA_LIGGEND.png","width":1772,"height":443,"caption":"Pefa"},"image":{"@id":"https:\/\/www.pefa.com\/#\/schema\/logo\/image\/"},"sameAs":["https:\/\/www.facebook.com\/pefacom\/","https:\/\/x.com\/pefa_com"]},{"@type":"Person","@id":"https:\/\/www.pefa.com\/#\/schema\/person\/bf2ac7a0ebf1266c05c36df194f3c70d","name":"redfactory","image":{"@type":"ImageObject","inLanguage":"fr-FR","@id":"https:\/\/www.pefa.com\/#\/schema\/person\/image\/","url":"https:\/\/secure.gravatar.com\/avatar\/c921f09703351202e5b8beaaa275a9ca8b8e2bac05862f3e332b6524e1d677d1?s=96&d=mm&r=g","contentUrl":"https:\/\/secure.gravatar.com\/avatar\/c921f09703351202e5b8beaaa275a9ca8b8e2bac05862f3e332b6524e1d677d1?s=96&d=mm&r=g","caption":"redfactory"},"sameAs":["https:\/\/www.pefa.com"]}]}},"_links":{"self":[{"href":"https:\/\/www.pefa.com\/fr\/wp-json\/wp\/v2\/posts\/23704","targetHints":{"allow":["GET"]}}],"collection":[{"href":"https:\/\/www.pefa.com\/fr\/wp-json\/wp\/v2\/posts"}],"about":[{"href":"https:\/\/www.pefa.com\/fr\/wp-json\/wp\/v2\/types\/post"}],"author":[{"embeddable":true,"href":"https:\/\/www.pefa.com\/fr\/wp-json\/wp\/v2\/users\/1"}],"replies":[{"embeddable":true,"href":"https:\/\/www.pefa.com\/fr\/wp-json\/wp\/v2\/comments?post=23704"}],"version-history":[{"count":0,"href":"https:\/\/www.pefa.com\/fr\/wp-json\/wp\/v2\/posts\/23704\/revisions"}],"wp:featuredmedia":[{"embeddable":true,"href":"https:\/\/www.pefa.com\/fr\/wp-json\/wp\/v2\/media\/23025"}],"wp:attachment":[{"href":"https:\/\/www.pefa.com\/fr\/wp-json\/wp\/v2\/media?parent=23704"}],"wp:term":[{"taxonomy":"category","embeddable":true,"href":"https:\/\/www.pefa.com\/fr\/wp-json\/wp\/v2\/categories?post=23704"},{"taxonomy":"post_tag","embeddable":true,"href":"https:\/\/www.pefa.com\/fr\/wp-json\/wp\/v2\/tags?post=23704"}],"curies":[{"name":"wp","href":"https:\/\/api.w.org\/{rel}","templated":true}]}}